{"id":929,"date":"2024-04-12T05:42:20","date_gmt":"2024-04-12T03:42:20","guid":{"rendered":"https:\/\/www.ardoino.com.uy\/?p=929"},"modified":"2024-05-06T20:39:51","modified_gmt":"2024-05-06T18:39:51","slug":"uruguai-e-brasil-ja-trabalham-para-um-futuro-arm-da-oec","status":"publish","type":"post","link":"https:\/\/www.ardoino.com.uy\/pt-br\/uruguai-e-brasil-ja-trabalham-para-um-futuro-arm-da-oec\/","title":{"rendered":"Uruguai e Brasil j\u00e1 trabalham para um futuro ARM da OEC"},"content":{"rendered":"\n<p>Na quinta-feira, 28 de janeiro, foi realizada na Receita Federal de Santana do Livramento a assinatura do Plano de Trabalho Conjunto para o Acordo de Reconhecimento M\u00fatuo (ARM) nos programas de Operador Econ\u00f4mico Autorizado (OEA) entre as Aduanas do Uruguai e do Brasil. Este Acordo de Reconhecimento M\u00fatuo contribuir\u00e1 para facilitar e garantir o com\u00e9rcio entre ambos os pa\u00edses. Isso resultar\u00e1 em benef\u00edcios m\u00fatuos para todos os Operadores Econ\u00f4micos Autorizados cobertos pelos dois programas, levando a uma melhoria na competitividade para aqueles que se envolvem com o Brasil. Este evento contou com a participa\u00e7\u00e3o, em nome da Dire\u00e7\u00e3o Nacional de Aduanas, do Diretor Cr. Enrique Canon, do Gerente de Opera\u00e7\u00f5es Sr. Andr\u00e9s M\u00e9ndez e do Diretor do Departamento de Operador Econ\u00f4mico Qualificado, Ing. Diego Casella. Representando a Aduana do Brasil estiveram presentes o Subsecret\u00e1rio de Aduanas e Rela\u00e7\u00f5es Internacionais da Receita Federal do Brasil, Jos\u00e9 Carlos de Araujo, o Superintendente Adjunto da 10\u00aa Se\u00e7\u00e3o da Receita Federal, Luiz Fernando Lorenzi, e o Chefe de Inspe\u00e7\u00e3o da Receita Federal em Santana do Livramento, Adilson Valente.<\/p>\n","protected":false},"excerpt":{"rendered":"<p>Na quinta-feira, 28 de janeiro, foi realizada na Receita Federal de Santana do Livramento a assinatura do Plano de Trabalho Conjunto para o Acordo de Reconhecimento M\u00fatuo (ARM) nos programas de Operador Econ\u00f4mico Autorizado (OEA) entre as Aduanas do Uruguai e do Brasil. Este Acordo de Reconhecimento M\u00fatuo contribuir\u00e1 para facilitar e garantir o com\u00e9rcio [&hellip;]<\/p>\n","protected":false},"author":2,"featured_media":845,"comment_status":"open","ping_status":"open","sticky":false,"template":"","format":"standard","meta":{"footnotes":""},"categories":[1],"tags":[],"class_list":["post-929","post","type-post","status-publish","format-standard","has-post-thumbnail","hentry","category-sin-categorizar"],"_links":{"self":[{"href":"https:\/\/www.ardoino.com.uy\/pt-br\/wp-json\/wp\/v2\/posts\/929","targetHints":{"allow":["GET"]}}],"collection":[{"href":"https:\/\/www.ardoino.com.uy\/pt-br\/wp-json\/wp\/v2\/posts"}],"about":[{"href":"https:\/\/www.ardoino.com.uy\/pt-br\/wp-json\/wp\/v2\/types\/post"}],"author":[{"embeddable":true,"href":"https:\/\/www.ardoino.com.uy\/pt-br\/wp-json\/wp\/v2\/users\/2"}],"replies":[{"embeddable":true,"href":"https:\/\/www.ardoino.com.uy\/pt-br\/wp-json\/wp\/v2\/comments?post=929"}],"version-history":[{"count":1,"href":"https:\/\/www.ardoino.com.uy\/pt-br\/wp-json\/wp\/v2\/posts\/929\/revisions"}],"predecessor-version":[{"id":931,"href":"https:\/\/www.ardoino.com.uy\/pt-br\/wp-json\/wp\/v2\/posts\/929\/revisions\/931"}],"wp:featuredmedia":[{"embeddable":true,"href":"https:\/\/www.ardoino.com.uy\/pt-br\/wp-json\/wp\/v2\/media\/845"}],"wp:attachment":[{"href":"https:\/\/www.ardoino.com.uy\/pt-br\/wp-json\/wp\/v2\/media?parent=929"}],"wp:term":[{"taxonomy":"category","embeddable":true,"href":"https:\/\/www.ardoino.com.uy\/pt-br\/wp-json\/wp\/v2\/categories?post=929"},{"taxonomy":"post_tag","embeddable":true,"href":"https:\/\/www.ardoino.com.uy\/pt-br\/wp-json\/wp\/v2\/tags?post=929"}],"curies":[{"name":"wp","href":"https:\/\/api.w.org\/{rel}","templated":true}]}}